{"id":2035,"date":"2025-06-24T10:19:43","date_gmt":"2025-06-24T08:19:43","guid":{"rendered":"https:\/\/www.almnas.com\/?p=2035"},"modified":"2025-06-24T10:48:32","modified_gmt":"2025-06-24T08:48:32","slug":"oppen-gard-14-augusti-2025","status":"publish","type":"post","link":"https:\/\/www.almnas.com\/sv\/2035","title":{"rendered":"\u00d6ppen g\u00e5rd 14 Augusti 2025"},"content":{"rendered":"<p>&nbsp;<\/p>\n<p>Hej och v\u00e4lkomna till en &#8221;\u00d6ppen G\u00e5rds Dag&#8221; p\u00e5 Almn\u00e4s den 14\/8 &#8211; 2025.<\/p>\n<p>Med en dag fullsp\u00e4ckad med h\u00e4ndelser och gl\u00e4dje firar vi 800 \u00e5r!!<\/p>\n<p>F\u00f6r att se hela programmet klicka p\u00e5 l\u00e4nken nedan.<\/p>\n<p><a href=\"http:\/\/www.almnas.com\/wp-content\/uploads\/2025\/06\/Almna\u0308s-O\u0308ppet-ga\u030ard-25_program.pdf\">Almna\u0308s O\u0308ppet ga\u030ard 25_program<\/a><\/p>","protected":false},"excerpt":{"rendered":"<p>&nbsp; Hej och v\u00e4lkomna till en &#8221;\u00d6ppen G\u00e5rds Dag&#8221; p\u00e5 Almn\u00e4s den 14\/8 &#8211; 2025. Med en dag fullsp\u00e4ckad med [&hellip;]<\/p>\n","protected":false},"author":4,"featured_media":2038,"comment_status":"open","ping_status":"open","sticky":false,"template":"","format":"standard","meta":[],"categories":[1],"tags":[],"_links":{"self":[{"href":"https:\/\/www.almnas.com\/sv\/wp-json\/wp\/v2\/posts\/2035"}],"collection":[{"href":"https:\/\/www.almnas.com\/sv\/wp-json\/wp\/v2\/posts"}],"about":[{"href":"https:\/\/www.almnas.com\/sv\/wp-json\/wp\/v2\/types\/post"}],"author":[{"embeddable":true,"href":"https:\/\/www.almnas.com\/sv\/wp-json\/wp\/v2\/users\/4"}],"replies":[{"embeddable":true,"href":"https:\/\/www.almnas.com\/sv\/wp-json\/wp\/v2\/comments?post=2035"}],"version-history":[{"count":3,"href":"https:\/\/www.almnas.com\/sv\/wp-json\/wp\/v2\/posts\/2035\/revisions"}],"predecessor-version":[{"id":2040,"href":"https:\/\/www.almnas.com\/sv\/wp-json\/wp\/v2\/posts\/2035\/revisions\/2040"}],"wp:featuredmedia":[{"embeddable":true,"href":"https:\/\/www.almnas.com\/sv\/wp-json\/wp\/v2\/media\/2038"}],"wp:attachment":[{"href":"https:\/\/www.almnas.com\/sv\/wp-json\/wp\/v2\/media?parent=2035"}],"wp:term":[{"taxonomy":"category","embeddable":true,"href":"https:\/\/www.almnas.com\/sv\/wp-json\/wp\/v2\/categories?post=2035"},{"taxonomy":"post_tag","embeddable":true,"href":"https:\/\/www.almnas.com\/sv\/wp-json\/wp\/v2\/tags?post=2035"}],"curies":[{"name":"wp","href":"https:\/\/api.w.org\/{rel}","templated":true}]}}